{"id":16164,"date":"2026-08-31T16:00:36","date_gmt":"2026-08-31T14:00:36","guid":{"rendered":"https:\/\/think.green\/?p=16164"},"modified":"2026-08-31T16:00:38","modified_gmt":"2026-08-31T14:00:38","slug":"%f0%9f%a9%ba-diabete-de-type-2-la-deeptech-infiltre-le-metabolisme","status":"publish","type":"post","link":"https:\/\/think.green\/fr\/%f0%9f%a9%ba-diabete-de-type-2-la-deeptech-infiltre-le-metabolisme\/","title":{"rendered":"\ud83e\ude7a Diab\u00e8te de type 2 : la DeepTech infiltre le m\u00e9tabolisme"},"content":{"rendered":"\n<p class=\"wp-block-paragraph\">Le diab\u00e8te de type 2 devient un terrain d\u2019application majeur pour la DeepTech m\u00e9dicale.<\/p>\n\n\n\n<p class=\"wp-block-paragraph\">Capteurs continus, intelligence artificielle, mod\u00e8les computationnels, syst\u00e8mes automatis\u00e9s d\u2019administration d\u2019insuline et biotechnologies convergent autour d\u2019une \u00e9volution commune : d\u00e9crire plus finement le fonctionnement m\u00e9tabolique individuel et utiliser cette information pour adapter la prise en charge.<\/p>\n\n\n\n<p class=\"wp-block-paragraph\">La glyc\u00e9mie peut \u00eatre suivie dans le temps, rapproch\u00e9e de l\u2019alimentation, de l\u2019activit\u00e9 physique ou d\u2019autres param\u00e8tres physiologiques, puis analys\u00e9e par des mod\u00e8les capables d\u2019identifier des r\u00e9ponses individuelles. Les syst\u00e8mes d\u2019administration automatis\u00e9e utilisent ces informations pour ajuster l\u2019insulinoth\u00e9rapie. D\u2019autres approches cherchent \u00e0 repr\u00e9senter plus largement le m\u00e9tabolisme, tandis que certaines biotechnologies explorent une intervention directe sur ses m\u00e9canismes.<\/p>\n\n\n\n<p class=\"wp-block-paragraph\">Le diab\u00e8te devient ainsi un champ o\u00f9 mesure, mod\u00e9lisation, d\u00e9cision th\u00e9rapeutique et intervention biologique commencent \u00e0 s\u2019articuler au sein d\u2019une m\u00eame cha\u00eene technologique.<\/p>\n\n\n\n<h2 class=\"wp-block-heading\"><strong>Du suivi glyc\u00e9mique au profil m\u00e9tabolique<\/strong><\/h2>\n\n\n\n<h3 class=\"wp-block-heading\"><strong>Une maladie mondiale, des trajectoires individuelles<\/strong><\/h3>\n\n\n\n<p class=\"wp-block-paragraph\">L\u2019<a href=\"https:\/\/diabetesatlas.org\/fr\/resources\/idf-diabetes-atlas-2025\/\" target=\"_blank\" rel=\"noopener\"><strong>Atlas du diab\u00e8te 2025<\/strong><\/a> de la <a href=\"https:\/\/diabetesatlas.org\/fr\/\" target=\"_blank\" rel=\"noopener\"><strong>F\u00e9d\u00e9ration Internationale du diab\u00e8te<\/strong><\/a> (FID), dont les estimations ont fait l\u2019objet d\u2019une publication dans <a href=\"https:\/\/www.thelancet.com\/journals\/landia\/article\/PIIS2213-8587(25)00299-2\/fulltext\" target=\"_blank\" rel=\"noopener\"><strong><em>The Lancet Diabetes &amp; Endocrinology<\/em><\/strong><\/a>, estime qu\u2019en 2024, 589 millions d\u2019adultes \u00e2g\u00e9s de 20 \u00e0 79 ans vivaient avec un diab\u00e8te, soit 11,11 % de cette population. \u00c0 m\u00e9thodologie constante, ce nombre atteindrait 853 millions en 2050. L\u2019analyse repose sur 246 sources couvrant 215 pays et territoires.<\/p>\n\n\n\n<p class=\"wp-block-paragraph\">Selon l\u2019<a href=\"https:\/\/www.who.int\/fr\/news-room\/fact-sheets\/detail\/diabetes\" target=\"_blank\" rel=\"noopener\"><strong>Organisation mondiale de la Sant\u00e9<\/strong><\/a>, le diab\u00e8te de type 2 repr\u00e9sente plus de 95 % des cas.<\/p>\n\n\n\n<p class=\"wp-block-paragraph\">Cette population recouvre des profils physiologiques tr\u00e8s diff\u00e9rents. La r\u00e9ponse \u00e0 l\u2019alimentation, \u00e0 l\u2019activit\u00e9 physique et aux traitements varie notamment selon les individus.<\/p>\n\n\n\n<p class=\"wp-block-paragraph\">La donn\u00e9e longitudinale prend ici une dimension particuli\u00e8re : elle permet d\u2019observer une \u00e9volution plut\u00f4t qu\u2019un \u00e9tat isol\u00e9.<\/p>\n\n\n\n<div class=\"wp-block-columns are-vertically-aligned-center is-layout-flex wp-container-core-columns-is-layout-7387b849 wp-block-columns-is-layout-flex\">\n<div class=\"wp-block-column is-vertically-aligned-center is-layout-flow wp-block-column-is-layout-flow\" style=\"flex-basis:50%\">\n<figure class=\"wp-block-image aligncenter size-large is-resized\"><a href=\"https:\/\/diabetesatlas.org\/resources\/idf-diabetes-atlas-2025\/\" target=\"_blank\" rel=\"noopener\"><img fetchpriority=\"high\" decoding=\"async\" width=\"724\" height=\"1024\" src=\"https:\/\/think.green\/wp-content\/uploads\/2026\/08\/image-14-724x1024.jpeg\" alt=\"\" class=\"wp-image-16173\" style=\"aspect-ratio:0.7086330935251799;width:233px;height:auto\" srcset=\"https:\/\/think.green\/wp-content\/uploads\/2026\/08\/image-14-724x1024.jpeg 724w, https:\/\/think.green\/wp-content\/uploads\/2026\/08\/image-14-212x300.jpeg 212w, https:\/\/think.green\/wp-content\/uploads\/2026\/08\/image-14-768x1086.jpeg 768w, https:\/\/think.green\/wp-content\/uploads\/2026\/08\/image-14-1086x1536.jpeg 1086w, https:\/\/think.green\/wp-content\/uploads\/2026\/08\/image-14.jpeg 1240w\" sizes=\"(max-width: 724px) 100vw, 724px\" \/><\/a><\/figure>\n<\/div>\n\n\n\n<div class=\"wp-block-column is-vertically-aligned-center is-layout-flow wp-block-column-is-layout-flow\" style=\"flex-basis:50%\">\n<figure class=\"wp-block-image aligncenter size-full is-resized\"><a href=\"https:\/\/www.thelancet.com\/journals\/landia\/issue\/vol14no2\/PIIS2213-8587(25)X0014-0#closeFullCover\" target=\"_blank\" rel=\"noopener\"><img decoding=\"async\" width=\"572\" height=\"768\" src=\"https:\/\/think.green\/wp-content\/uploads\/2026\/08\/image-13.jpeg\" alt=\"\" class=\"wp-image-16171\" style=\"aspect-ratio:0.7419354838709677;width:249px;height:auto\" srcset=\"https:\/\/think.green\/wp-content\/uploads\/2026\/08\/image-13.jpeg 572w, https:\/\/think.green\/wp-content\/uploads\/2026\/08\/image-13-223x300.jpeg 223w\" sizes=\"(max-width: 572px) 100vw, 572px\" \/><\/a><\/figure>\n<\/div>\n<\/div>\n\n\n\n<div class=\"wp-block-columns is-layout-flex wp-container-core-columns-is-layout-7387b849 wp-block-columns-is-layout-flex\">\n<div class=\"wp-block-column is-layout-flow wp-block-column-is-layout-flow\">\n<p class=\"has-text-align-center has-small-font-size wp-block-paragraph\"><em>Atlas du diab\u00e8te FID, 11e \u00e9dition, 2025 \u00a9 F\u00e9d\u00e9ration Internationale du diab\u00e8te, 2025<\/em><\/p>\n<\/div>\n\n\n\n<div class=\"wp-block-column is-layout-flow wp-block-column-is-layout-flow\">\n<p class=\"has-text-align-center has-small-font-size wp-block-paragraph\"><em>The Lancet Diabetes &amp; Endocrinology, volume 14, num\u00e9ro 2, f\u00e9vrier 2026 &#8211; Image de couverture : Daniel Garcia \u00a9 2026 Elsevier Ltd<\/em><\/p>\n<\/div>\n<\/div>\n\n\n\n<h3 class=\"wp-block-heading\"><strong>Du biomarqueur \u00e0 la mesure continue<\/strong><\/h3>\n\n\n\n<p class=\"wp-block-paragraph\">L\u2019<strong>h\u00e9moglobine glyqu\u00e9e (HbA1c)<\/strong>, qui refl\u00e8te la glyc\u00e9mie moyenne des derniers mois, demeure un indicateur central du suivi.<\/p>\n\n\n\n<p class=\"wp-block-paragraph\">La <strong>mesure continue du glucose (<em>continuous glucose monitoring<\/em>, CGM)<\/strong> apporte une lecture plus fine de la dynamique glyc\u00e9mique gr\u00e2ce \u00e0 des param\u00e8tres tels que le <em>time in range<\/em>, le <em>time above range<\/em>, le <em>time below range<\/em>, le glucose management indicator ou le coefficient de variation.<\/p>\n\n\n\n<p class=\"wp-block-paragraph\">Les <a href=\"https:\/\/diabetesjournals.org\/care\/article\/49\/Supplement_1\/S150\/163922\/7-Diabetes-Technology-Standards-of-Care-in\" target=\"_blank\" rel=\"noopener\"><strong>Standards of Care in Diabetes 2026<\/strong><\/a><strong> <\/strong>de l\u2019<strong><a href=\"https:\/\/diabetesjournals.org\/\" target=\"_blank\" rel=\"noopener\">American Diabetes Association<\/a><\/strong> (ADA) accordent une place croissante au CGM et aux syst\u00e8mes d\u2019administration automatis\u00e9e d\u2019insuline (<em>Automated Insulin Delivery<\/em>, AID). Chez les adultes atteints de diab\u00e8te de type 2 sous injections multiples, l\u2019ADA consid\u00e8re les syst\u00e8mes AID comme le mode privil\u00e9gi\u00e9 d\u2019administration de l\u2019insuline. Ils peuvent \u00e9galement \u00eatre envisag\u00e9s chez certains patients sous insuline basale qui n\u2019atteignent pas leurs objectifs glyc\u00e9miques.<\/p>\n\n\n\n<p class=\"wp-block-paragraph\">Le CGM fournit ainsi une s\u00e9rie temporelle exploitable par des syst\u00e8mes capables de la rapprocher d\u2019autres informations physiologiques et comportementales.<\/p>\n\n\n\n<p class=\"wp-block-paragraph\">La continuit\u00e9 du signal devient une mati\u00e8re premi\u00e8re pour la mod\u00e9lisation m\u00e9tabolique.<\/p>\n\n\n\n<h3 class=\"wp-block-heading\"><strong>January AI : construire un profil m\u00e9tabolique<\/strong><\/h3>\n\n\n\n<p class=\"wp-block-paragraph\"><a href=\"https:\/\/www.january.ai\/\" target=\"_blank\" rel=\"noopener\"><strong>January AI<\/strong><\/a> illustre cette \u00e9volution.<\/p>\n\n\n\n<p class=\"wp-block-paragraph\">Dans une \u00e9tude publi\u00e9e en 2023 dans <em><strong><a href=\"https:\/\/www.nature.com\/articles\/s41746-023-00956-y\" target=\"_blank\" rel=\"noopener\">npj Digital Medicine<\/a><\/strong><\/em>, Zahedani et al. ont \u00e9tudi\u00e9 2 217 participants pr\u00e9sentant une glyc\u00e9mie normale, un pr\u00e9diab\u00e8te ou un diab\u00e8te de type 2. Le programme associait 28 jours de CGM, donn\u00e9es alimentaires, activit\u00e9 physique, poids et donn\u00e9es issues de wearables afin de produire des recommandations individualis\u00e9es.<\/p>\n\n\n\n<p class=\"wp-block-paragraph\">Les auteurs rapportaient des am\u00e9liorations de plusieurs param\u00e8tres m\u00e9taboliques, notamment de la glyc\u00e9mie et du poids.<\/p>\n\n\n\n<p class=\"wp-block-paragraph\">Le protocole ne permet toutefois pas d\u2019\u00e9tablir \u00e0 lui seul l\u2019effet \u00e0 long terme d\u2019une prise en charge fond\u00e9e sur ces pr\u00e9dictions. Plusieurs auteurs \u00e9taient affili\u00e9s \u00e0 January AI.<\/p>\n\n\n\n<p class=\"wp-block-paragraph\">La capacit\u00e9 pr\u00e9dictive constitue ici une premi\u00e8re brique. Son utilit\u00e9 clinique doit ensuite \u00eatre \u00e9tablie.<\/p>\n\n\n\n<h3 class=\"wp-block-heading\"><strong>Twin Health : mod\u00e9liser la r\u00e9ponse individuelle<\/strong><\/h3>\n\n\n\n<div class=\"wp-block-columns is-layout-flex wp-container-core-columns-is-layout-7387b849 wp-block-columns-is-layout-flex\">\n<div class=\"wp-block-column is-layout-flow wp-block-column-is-layout-flow\" style=\"flex-basis:100%\">\n<div class=\"wp-block-group is-layout-constrained wp-block-group-is-layout-constrained\">\n<div class=\"wp-block-media-text is-stacked-on-mobile\"><figure class=\"wp-block-media-text__media\"><img decoding=\"async\" width=\"500\" height=\"505\" src=\"https:\/\/think.green\/wp-content\/uploads\/2026\/08\/679d398cdb0f0220acc1a638_DIGITALTWIN-p-500.png\" alt=\"\" class=\"wp-image-16177 size-full\" srcset=\"https:\/\/think.green\/wp-content\/uploads\/2026\/08\/679d398cdb0f0220acc1a638_DIGITALTWIN-p-500.png 500w, https:\/\/think.green\/wp-content\/uploads\/2026\/08\/679d398cdb0f0220acc1a638_DIGITALTWIN-p-500-297x300.png 297w\" sizes=\"(max-width: 500px) 100vw, 500px\" \/><\/figure><div class=\"wp-block-media-text__content\">\n<p class=\"has-small-font-size wp-block-paragraph\"><em>Jumeau num\u00e9rique fond\u00e9 sur l\u2019IA pour la mod\u00e9lisation personnalis\u00e9e du m\u00e9tabolisme \u00a9 Twin Health<\/em><\/p>\n\n\n\n<p class=\"wp-block-paragraph\"><a href=\"https:\/\/www.twinhealth.com\/\" target=\"_blank\" rel=\"noopener\"><strong>Twin Health<\/strong><\/a> pousse cette approche vers une repr\u00e9sentation plus large du m\u00e9tabolisme.<\/p>\n\n\n\n<p class=\"wp-block-paragraph\">Dans un essai randomis\u00e9 publi\u00e9 en 2023, 319 personnes atteintes de diab\u00e8te de type 2 ont \u00e9t\u00e9 r\u00e9parties entre une intervention fond\u00e9e sur un <em>digital twin<\/em> et des soins standards. Le syst\u00e8me utilisait notamment les r\u00e9ponses glyc\u00e9miques postprandiales pour personnaliser l\u2019alimentation, l\u2019activit\u00e9 physique et le sommeil.<\/p>\n\n\n\n<p class=\"wp-block-paragraph\">Apr\u00e8s un an, l\u2019HbA1c avait diminu\u00e9 de 2,9 points dans le groupe intervention contre 0,3 point dans le groupe soins standards. Une r\u00e9mission du diab\u00e8te \u00e9tait rapport\u00e9e chez 72,7 % des participants du groupe intervention.<\/p>\n<\/div><\/div>\n<\/div>\n<\/div>\n<\/div>\n\n\n\n<p class=\"wp-block-paragraph\">Apr\u00e8s un an, l\u2019HbA1c avait diminu\u00e9 de 2,9 points dans le groupe intervention contre 0,3 point dans le groupe soins standards. Une r\u00e9mission du diab\u00e8te \u00e9tait rapport\u00e9e chez 72,7 % des participants du groupe intervention.<\/p>\n\n\n\n<p class=\"wp-block-paragraph\">L\u2019int\u00e9r\u00eat de l\u2019approche r\u00e9side dans le passage d\u2019une s\u00e9rie de mesures \u00e0 un mod\u00e8le capable d\u2019orienter une intervention personnalis\u00e9e.<\/p>\n\n\n\n<h2 class=\"wp-block-heading\"><strong>De la pr\u00e9diction \u00e0 l\u2019intervention<\/strong><\/h2>\n\n\n\n<h3 class=\"wp-block-heading\"><strong>Insulet : fermer la boucle th\u00e9rapeutique<\/strong><\/h3>\n\n\n\n<p class=\"wp-block-paragraph\"><a href=\"https:\/\/investor.insulet.com\/\" target=\"_blank\" rel=\"noopener\"><strong>Insulet<\/strong><\/a> illustre une \u00e9tape suppl\u00e9mentaire dans cette \u00e9volution avec <strong>l\u2019administration automatis\u00e9e d\u2019insuline<\/strong>. Son syst\u00e8me Omnipod 5 associe un dispositif de mesure continue du glucose, un algorithme adaptatif et l\u2019administration d\u2019insuline au sein d\u2019une boucle de contr\u00f4le continue. Chez les adultes atteints de <a href=\"https:\/\/www.omnipod.com\/is-omnipod-right-for-me\/type-2-diabetes\" target=\"_blank\" rel=\"noopener\"><strong>diab\u00e8te de type 2<\/strong><\/a>, le syst\u00e8me s\u2019appuie sur les valeurs et les tendances glyc\u00e9miques issues du CGM pour ajuster automatiquement l\u2019administration d\u2019insuline toutes les cinq minutes.<\/p>\n\n\n\n<figure class=\"wp-block-image size-large\"><a href=\"https:\/\/www.omnipod.com\/en-gb\/what-is-omnipod\/omnipod-5\" target=\"_blank\" rel=\"noopener\"><img loading=\"lazy\" decoding=\"async\" width=\"1024\" height=\"481\" src=\"https:\/\/think.green\/wp-content\/uploads\/2026\/08\/image-14-1024x481.png\" alt=\"\" class=\"wp-image-16167\" style=\"aspect-ratio:2.131455399061033\" srcset=\"https:\/\/think.green\/wp-content\/uploads\/2026\/08\/image-14-1024x481.png 1024w, https:\/\/think.green\/wp-content\/uploads\/2026\/08\/image-14-300x141.png 300w, https:\/\/think.green\/wp-content\/uploads\/2026\/08\/image-14-766x360.png 766w, https:\/\/think.green\/wp-content\/uploads\/2026\/08\/image-14.png 1200w\" sizes=\"(max-width: 1024px) 100vw, 1024px\" \/><\/a><\/figure>\n\n\n\n<div class=\"wp-block-columns is-layout-flex wp-container-core-columns-is-layout-7387b849 wp-block-columns-is-layout-flex\">\n<div class=\"wp-block-column is-layout-flow wp-block-column-is-layout-flow\">\n<figure class=\"wp-block-image size-large\"><a href=\"https:\/\/www.omnipod.com\/en-gb\/what-is-omnipod\/omnipod-5\" target=\"_blank\" rel=\"noopener\"><img loading=\"lazy\" decoding=\"async\" width=\"1024\" height=\"683\" src=\"https:\/\/think.green\/wp-content\/uploads\/2026\/08\/2-col_omnipod-5_pod_patient-ed-room_1200x800-1024x683.png\" alt=\"\" class=\"wp-image-16179\" srcset=\"https:\/\/think.green\/wp-content\/uploads\/2026\/08\/2-col_omnipod-5_pod_patient-ed-room_1200x800-1024x683.png 1024w, https:\/\/think.green\/wp-content\/uploads\/2026\/08\/2-col_omnipod-5_pod_patient-ed-room_1200x800-300x200.png 300w, https:\/\/think.green\/wp-content\/uploads\/2026\/08\/2-col_omnipod-5_pod_patient-ed-room_1200x800-768x512.png 768w, https:\/\/think.green\/wp-content\/uploads\/2026\/08\/2-col_omnipod-5_pod_patient-ed-room_1200x800.png 1200w\" sizes=\"(max-width: 1024px) 100vw, 1024px\" \/><\/a><\/figure>\n<\/div>\n\n\n\n<div class=\"wp-block-column is-layout-flow wp-block-column-is-layout-flow\">\n<figure class=\"wp-block-image size-large\"><a href=\"https:\/\/www.omnipod.com\/en-gb\/diabetes-hub\/learning-center\" target=\"_blank\" rel=\"noopener\"><img loading=\"lazy\" decoding=\"async\" width=\"1024\" height=\"683\" src=\"https:\/\/think.green\/wp-content\/uploads\/2026\/08\/Omnipod_lady-surfing-beach-1024x683.jpg\" alt=\"\" class=\"wp-image-16181\" srcset=\"https:\/\/think.green\/wp-content\/uploads\/2026\/08\/Omnipod_lady-surfing-beach-1024x683.jpg 1024w, https:\/\/think.green\/wp-content\/uploads\/2026\/08\/Omnipod_lady-surfing-beach-300x200.jpg 300w, https:\/\/think.green\/wp-content\/uploads\/2026\/08\/Omnipod_lady-surfing-beach-768x512.jpg 768w, https:\/\/think.green\/wp-content\/uploads\/2026\/08\/Omnipod_lady-surfing-beach-1536x1024.jpg 1536w, https:\/\/think.green\/wp-content\/uploads\/2026\/08\/Omnipod_lady-surfing-beach-2048x1366.jpg 2048w\" sizes=\"(max-width: 1024px) 100vw, 1024px\" \/><\/a><\/figure>\n<\/div>\n<\/div>\n\n\n\n<p class=\"has-text-align-center has-small-font-size wp-block-paragraph\"><em>Omnipod 5, capteurs de mesure continue du glucose et application \u00a9 Insulet Corporation<\/em><\/p>\n\n\n\n<p class=\"wp-block-paragraph\">Un essai pivot prospectif men\u00e9 aupr\u00e8s de 305 adultes atteints de diab\u00e8te de type 2 a montr\u00e9 une progression du <em>time in range<\/em> de 45 % \u00e0 66 %, soit pr\u00e8s de cinq heures suppl\u00e9mentaires par jour dans la plage glyc\u00e9mique cible. Sur 13 semaines, l\u2019HbA1c moyenne est pass\u00e9e de 10,1 % \u00e0 8,1 %.<\/p>\n\n\n\n<p class=\"wp-block-paragraph\">L\u2019int\u00e9r\u00eat technologique tient \u00e0 cette architecture : la mesure du glucose est directement reli\u00e9e \u00e0 l\u2019interpr\u00e9tation algorithmique et \u00e0 l\u2019action th\u00e9rapeutique. Le syst\u00e8me transforme un signal physiologique continu en ajustement automatis\u00e9 du traitement.<\/p>\n\n\n\n<p class=\"wp-block-paragraph\">January AI intervient principalement sur le versant pr\u00e9dictif. Twin Health \u00e9tend la mod\u00e9lisation m\u00e9tabolique \u00e0 l\u2019intervention personnalis\u00e9e. Insulet ajoute la couche de contr\u00f4le, en reliant directement la mesure \u00e0 l\u2019administration du traitement.<\/p>\n\n\n\n<p class=\"wp-block-paragraph\">C\u2019est l\u2019une des traductions les plus concr\u00e8tes du concept de <em>computable metabolism<\/em> : la donn\u00e9e ne sert plus seulement \u00e0 caract\u00e9riser l\u2019\u00e9tat m\u00e9tabolique ; elle alimente directement un syst\u00e8me capable d\u2019adapter le traitement \u00e0 son \u00e9volution.<\/p>\n\n\n\n<h3 class=\"wp-block-heading\"><strong>La technologie doit trouver sa place dans le soin<\/strong><\/h3>\n\n\n\n<p class=\"wp-block-paragraph\">L\u2019\u00e9volution du CGM et des syst\u00e8mes AID transforme l\u2019architecture du dispositif m\u00e9dical.<\/p>\n\n\n\n<p class=\"wp-block-paragraph\">Qualit\u00e9 du signal, algorithmes, connectivit\u00e9, cybers\u00e9curit\u00e9, automatisation et int\u00e9gration clinique deviennent \u00e9troitement li\u00e9s.<\/p>\n\n\n\n<p class=\"wp-block-paragraph\">La valeur d\u2019une technologie se mesure alors \u00e0 la d\u00e9cision qu\u2019elle permet d\u2019am\u00e9liorer et au r\u00e9sultat clinique qui en d\u00e9coule.<\/p>\n\n\n\n<p class=\"wp-block-paragraph\">Cette exigence concerne aussi bien les capteurs que les logiciels, les syst\u00e8mes automatis\u00e9s ou les nouvelles plateformes th\u00e9rapeutiques.<\/p>\n\n\n\n<p class=\"wp-block-paragraph\">La performance technologique prend sa valeur lorsqu\u2019elle se traduit dans le soin.<\/p>\n\n\n\n<h2 class=\"wp-block-heading\"><strong>Du traitement \u00e0 la modification biologique<\/strong><\/h2>\n\n\n\n<h3 class=\"wp-block-heading\"><strong>La pharmacologie devient cardiom\u00e9tabolique<\/strong><\/h3>\n\n\n\n<p class=\"wp-block-paragraph\">Les <a href=\"https:\/\/diabetesjournals.org\/care\/article\/49\/Supplement_1\/S183\/163934\/9-Pharmacologic-Approaches-to-Glycemic-Treatment\" target=\"_blank\" rel=\"noopener\"><strong>Standards of Care in Diabetes\u20142026<\/strong><\/a> inscrivent le traitement pharmacologique dans une approche int\u00e9grant les dimensions cardiovasculaire, r\u00e9nale et pond\u00e9rale.<\/p>\n\n\n\n<p class=\"wp-block-paragraph\">Le choix th\u00e9rapeutique d\u00e9pend ainsi du profil m\u00e9tabolique du patient et de ses facteurs de risque associ\u00e9s.<\/p>\n\n\n\n<p class=\"wp-block-paragraph\">Le diab\u00e8te de type 2 s\u2019inscrit dans une architecture cardiom\u00e9tabolique o\u00f9 glyc\u00e9mie, poids, fonction r\u00e9nale et risque cardiovasculaire participent \u00e0 une m\u00eame strat\u00e9gie th\u00e9rapeutique.<\/p>\n\n\n\n<p class=\"wp-block-paragraph\">La pharmacologie suit cette \u00e9volution : le traitement s\u2019appr\u00e9cie d\u00e9sormais \u00e0 l\u2019\u00e9chelle d\u2019une trajectoire de sant\u00e9.<\/p>\n\n\n\n<h3 class=\"wp-block-heading\"><strong>RJVA-001 : intervenir sur la fonction m\u00e9tabolique<\/strong><\/h3>\n\n\n\n<p class=\"wp-block-paragraph\"><a href=\"https:\/\/ir.fractyl.com\/\" target=\"_blank\" rel=\"noopener\"><strong>Fractyl health<\/strong><\/a> explore une voie biotechnologique avec <a href=\"https:\/\/ir.fractyl.com\/news-releases\/news-release-details\/fractyl-health-advances-rejuvar-gene-therapy-platform-submission\" target=\"_blank\" rel=\"noopener\"><strong>Rejuva<\/strong><\/a>, sa plateforme de th\u00e9rapie g\u00e9nique, et <strong>RJVA-001<\/strong>, son premier candidat dans le diab\u00e8te de type 2.<\/p>\n\n\n\n<div class=\"wp-block-media-text is-stacked-on-mobile\" style=\"grid-template-columns:43% auto\"><figure class=\"wp-block-media-text__media\"><a href=\"https:\/\/www.fractyl.com\/\" target=\"_blank\" rel=\"noopener\"><img loading=\"lazy\" decoding=\"async\" width=\"300\" height=\"300\" src=\"https:\/\/think.green\/wp-content\/uploads\/2026\/08\/team-image-300x300.webp\" alt=\"\" class=\"wp-image-16183 size-full\" srcset=\"https:\/\/think.green\/wp-content\/uploads\/2026\/08\/team-image-300x300.webp 300w, https:\/\/think.green\/wp-content\/uploads\/2026\/08\/team-image-150x150.webp 150w, https:\/\/think.green\/wp-content\/uploads\/2026\/08\/team-image-768x768.webp 768w, https:\/\/think.green\/wp-content\/uploads\/2026\/08\/team-image.webp 936w\" sizes=\"(max-width: 300px) 100vw, 300px\" \/><\/a><\/figure><div class=\"wp-block-media-text__content\">\n<p class=\"wp-block-paragraph\">En mai 2026, Fractyl a annonc\u00e9 l\u2019autorisation aux Pays-Bas d\u2019une \u00e9tude de phase 1\/2 <em>first-in-human<\/em>. RJVA-001 repose sur une approche AAV destin\u00e9e \u00e0 permettre une expression de GLP-1 cibl\u00e9e sur les cellules b\u00eata pancr\u00e9atiques. La soci\u00e9t\u00e9 pr\u00e9voit une premi\u00e8re administration au second semestre 2026, sous r\u00e9serve de l\u2019activation des sites.<\/p>\n\n\n\n<p class=\"wp-block-paragraph\">Le programme entre dans les premi\u00e8res \u00e9tapes de son \u00e9valuation clinique. Sa s\u00e9curit\u00e9, sa tol\u00e9rance, son activit\u00e9, son immunog\u00e9nicit\u00e9 et la dur\u00e9e de son effet restent \u00e0 \u00e9tablir chez l\u2019humain.<\/p>\n\n\n\n<p class=\"wp-block-paragraph\">La logique technologique change ici de nature : la plateforme cherche \u00e0 modifier biologiquement une fonction m\u00e9tabolique plut\u00f4t qu\u2019\u00e0 simplement l\u2019observer ou l\u2019ajuster.<\/p>\n<\/div><\/div>\n\n\n\n<p class=\"has-small-font-size wp-block-paragraph\"><em>Plateforme de th\u00e9rapie g\u00e9nique en dose unique, con\u00e7ue pour permettre une r\u00e9mission \u00e0 long terme de l\u2019ob\u00e9sit\u00e9 et du diab\u00e8te de type 2 en ciblant les cellules des \u00eelots pancr\u00e9atiques \u00a9 Fractyl health<\/em><\/p>\n\n\n\n<h2 class=\"wp-block-heading\"><strong>La preuve devient le filtre industriel<\/strong><\/h2>\n\n\n\n<h3 class=\"wp-block-heading\"><strong>D\u00e9montrer le b\u00e9n\u00e9fice clinique<\/strong><\/h3>\n\n\n\n<p class=\"wp-block-paragraph\">Plus la technologie intervient directement dans le soin, plus la qualit\u00e9 de la preuve devient d\u00e9terminante.<\/p>\n\n\n\n<p class=\"wp-block-paragraph\">Un mod\u00e8le pr\u00e9dictif doit d\u00e9montrer sa robustesse et son utilit\u00e9 dans une d\u00e9cision r\u00e9elle.<\/p>\n\n\n\n<p class=\"wp-block-paragraph\">Une plateforme num\u00e9rique doit \u00e9tablir son b\u00e9n\u00e9fice clinique.<\/p>\n\n\n\n<p class=\"wp-block-paragraph\">Un syst\u00e8me automatis\u00e9 doit associer performance glyc\u00e9mique, s\u00e9curit\u00e9 et fiabilit\u00e9 dans l\u2019usage quotidien.<\/p>\n\n\n\n<p class=\"wp-block-paragraph\">Une th\u00e9rapie g\u00e9nique doit documenter s\u00e9curit\u00e9, tol\u00e9rance, r\u00e9ponse biologique, immunog\u00e9nicit\u00e9, durabilit\u00e9 et b\u00e9n\u00e9fice clinique.<\/p>\n\n\n\n<p class=\"wp-block-paragraph\">\u00c0 ces crit\u00e8res s\u2019ajoutent l\u2019interop\u00e9rabilit\u00e9, la gouvernance des donn\u00e9es, l\u2019int\u00e9gration dans les parcours de soins, l\u2019acceptabilit\u00e9 et les conditions de remboursement.<\/p>\n\n\n\n<p class=\"wp-block-paragraph\">Le passage de la technologie au soin repose donc sur une cha\u00eene de preuves, dont chaque maillon conditionne la valeur du suivant.<\/p>\n\n\n\n<h3 class=\"wp-block-heading\"><strong>Pr\u00e8s de 930 milliards d\u2019euros de d\u00e9penses de sant\u00e9<\/strong><\/h3>\n\n\n\n<p class=\"wp-block-paragraph\">Selon l\u2019<strong><em>Atlas du diab\u00e8te FID 2025<\/em><\/strong>, les d\u00e9penses de sant\u00e9 li\u00e9es au diab\u00e8te ont repr\u00e9sent\u00e9 environ <strong>930 milliards d\u2019euros en 2024<\/strong>. L\u2019Europe repr\u00e9sentait environ <strong>177 milliards d\u2019euros<\/strong>. Ces d\u00e9penses \u00e9quivalaient \u00e0 11,9 % des d\u00e9penses mondiales de sant\u00e9.<\/p>\n\n\n\n<p class=\"wp-block-paragraph\">Ces montants ne correspondent pas au march\u00e9 des technologies du diab\u00e8te. Ils donnent la mesure du syst\u00e8me de sant\u00e9 dans lequel celles-ci doivent d\u00e9montrer leur utilit\u00e9 clinique et \u00e9conomique.<\/p>\n\n\n\n<p class=\"wp-block-paragraph\">La cr\u00e9ation de valeur peut se situer dans le diagnostic, la stratification du risque, la surveillance, l\u2019adaptation th\u00e9rapeutique, la pr\u00e9vention des complications ou l\u2019efficience des parcours.<\/p>\n\n\n\n<p class=\"wp-block-paragraph\">Pour les industriels comme pour les payeurs, la capacit\u00e9 \u00e0 relier innovation, r\u00e9sultat clinique et co\u00fbt de prise en charge devient un crit\u00e8re central.<\/p>\n\n\n\n<h2 class=\"wp-block-heading\"><strong>Le m\u00e9tabolisme devient un objet technologique<\/strong><\/h2>\n\n\n\n<p class=\"wp-block-paragraph\">CGM, intelligence artificielle, <em>digital twins<\/em>, syst\u00e8mes d\u2019administration automatis\u00e9e d\u2019insuline, pharmacologie cardiom\u00e9tabolique et th\u00e9rapie g\u00e9nique appartiennent \u00e0 des univers technologiques distincts.<\/p>\n\n\n\n<p class=\"wp-block-paragraph\">Leur convergence dessine une \u00e9volution pr\u00e9cise : le m\u00e9tabolisme devient progressivement mesurable, mod\u00e9lisable, contr\u00f4lable et potentiellement modifiable.<\/p>\n\n\n\n<p class=\"wp-block-paragraph\">Le diab\u00e8te de type 2 r\u00e9unit plusieurs conditions favorables \u00e0 cette transformation : chronicit\u00e9, h\u00e9t\u00e9rog\u00e9n\u00e9it\u00e9 physiologique, disponibilit\u00e9 croissante des donn\u00e9es longitudinales, capacit\u00e9s computationnelles et poids sanitaire et \u00e9conomique.<\/p>\n\n\n\n<p class=\"wp-block-paragraph\">La DeepTech recompose progressivement la cha\u00eene qui relie observation biologique, mod\u00e9lisation, d\u00e9cision th\u00e9rapeutique et intervention.<\/p>\n\n\n\n<p class=\"wp-block-paragraph\">La question centrale devient celle de la capacit\u00e9 \u00e0 transformer une connaissance plus fine du m\u00e9tabolisme en d\u00e9cisions mieux inform\u00e9es, interventions mieux ajust\u00e9es et r\u00e9sultats cliniques durables.<\/p>\n\n\n\n<p class=\"wp-block-paragraph\">Le diab\u00e8te de type 2 constitue d\u00e9j\u00e0 un terrain d\u2019exp\u00e9rimentation majeur pour cette nouvelle architecture du soin.<\/p>\n\n\n\n<p class=\"wp-block-paragraph\">La prochaine \u00e9tape sera d\u2019int\u00e9grer toujours plus \u00e9troitement la connaissance du m\u00e9tabolisme \u00e0 l\u2019action th\u00e9rapeutique.<\/p>\n","protected":false},"excerpt":{"rendered":"<p>Le diab\u00e8te de type 2 devient un terrain d\u2019application majeur pour la DeepTech m\u00e9dicale. Capteurs continus, intelligence artificielle, mod\u00e8les computationnels, syst\u00e8mes automatis\u00e9s d\u2019administration d\u2019insuline et biotechnologies convergent autour d\u2019une \u00e9volution commune : d\u00e9crire plus finement le fonctionnement m\u00e9tabolique individuel et utiliser cette information pour adapter la prise en charge. La glyc\u00e9mie peut \u00eatre suivie dans [&hellip;]<\/p>\n","protected":false},"author":1,"featured_media":16165,"comment_status":"closed","ping_status":"closed","sticky":false,"template":"","format":"standard","meta":{"_acf_changed":false,"footnotes":""},"categories":[88,86,1],"tags":[223,109,210,228,220,221,212,218,226,225],"class_list":["post-16164","post","type-post","status-publish","format-standard","has-post-thumbnail","hentry","category-espace-et-deeptech-startups","category-startups-de-la-health-tech-et-science-de-la-vie","category-non-classifiee","tag-biotechnologie","tag-deeptech","tag-diabete-de-type-2","tag-digital-twin","tag-innovation-medicale","tag-insulinotherapie","tag-jumeau-numerique","tag-medecine-personnalisee","tag-mesure-continue-du-glucose","tag-modelisation-metabolique"],"acf":[],"_links":{"self":[{"href":"https:\/\/think.green\/fr\/wp-json\/wp\/v2\/posts\/16164","targetHints":{"allow":["GET"]}}],"collection":[{"href":"https:\/\/think.green\/fr\/wp-json\/wp\/v2\/posts"}],"about":[{"href":"https:\/\/think.green\/fr\/wp-json\/wp\/v2\/types\/post"}],"author":[{"embeddable":true,"href":"https:\/\/think.green\/fr\/wp-json\/wp\/v2\/users\/1"}],"replies":[{"embeddable":true,"href":"https:\/\/think.green\/fr\/wp-json\/wp\/v2\/comments?post=16164"}],"version-history":[{"count":14,"href":"https:\/\/think.green\/fr\/wp-json\/wp\/v2\/posts\/16164\/revisions"}],"predecessor-version":[{"id":16311,"href":"https:\/\/think.green\/fr\/wp-json\/wp\/v2\/posts\/16164\/revisions\/16311"}],"wp:featuredmedia":[{"embeddable":true,"href":"https:\/\/think.green\/fr\/wp-json\/wp\/v2\/media\/16165"}],"wp:attachment":[{"href":"https:\/\/think.green\/fr\/wp-json\/wp\/v2\/media?parent=16164"}],"wp:term":[{"taxonomy":"category","embeddable":true,"href":"https:\/\/think.green\/fr\/wp-json\/wp\/v2\/categories?post=16164"},{"taxonomy":"post_tag","embeddable":true,"href":"https:\/\/think.green\/fr\/wp-json\/wp\/v2\/tags?post=16164"}],"curies":[{"name":"wp","href":"https:\/\/api.w.org\/{rel}","templated":true}]}}